{"id":504,"date":"2014-04-28T23:28:49","date_gmt":"2014-04-28T21:28:49","guid":{"rendered":"http:\/\/rinschbachtal.de\/news\/?p=504"},"modified":"2014-04-29T14:37:45","modified_gmt":"2014-04-29T12:37:45","slug":"jugendfeuerwehr-in-hemsbach-geruendet","status":"publish","type":"post","link":"https:\/\/rinschbachtal.de\/news\/?p=504","title":{"rendered":"Jugendfeuerwehr in Hemsbach ger\u00fcndet"},"content":{"rendered":"<p dir=\"ltr\"><em>In den letzten Monaten ist die Gr\u00fcndung einer Jugendfeuerwehr in Hemsbach erfolgt. Es fand in den Osterferien die erste \u00dcbung unter der Leitung von den Jugendleitern Tim Zilling\u00a0und Stefan Schwab\u00a0mit dem Thema Feuerl\u00f6scher statt. So galt es ein Feuer in einem Blecheimer mit einem Feuerl\u00f6scher zu l\u00f6schen. Des weiteren wurde die Einteilung in die verschiedenen Klassen, sowie deren Aufgaben erkl\u00e4rt. Es war eine gelungene \u00dcbung, welche die Jungfeuerwehrleute und die Jugendlichen des Bauwagens mit gro\u00dfer Freude aus\u00fcbten.<\/em><\/p>\n<p dir=\"ltr\"><a href=\"https:\/\/rinschbachtal.de\/news\/wp-content\/uploads\/2014\/04\/Team-2014.jpg\" target=\"_blank\" rel=\"attachment wp-att-508\"><img loading=\"lazy\" decoding=\"async\" class=\"aligncenter wp-image-508 size-large\" src=\"https:\/\/rinschbachtal.de\/news\/wp-content\/uploads\/2014\/04\/Team-2014-1024x360.jpg\" alt=\"Team-2014\" width=\"670\" height=\"235\" srcset=\"https:\/\/rinschbachtal.de\/news\/wp-content\/uploads\/2014\/04\/Team-2014-1024x360.jpg 1024w, https:\/\/rinschbachtal.de\/news\/wp-content\/uploads\/2014\/04\/Team-2014-300x105.jpg 300w, https:\/\/rinschbachtal.de\/news\/wp-content\/uploads\/2014\/04\/Team-2014.jpg 1500w\" sizes=\"auto, (max-width: 670px) 100vw, 670px\" \/><\/a><\/p>\n<p dir=\"ltr\" style=\"text-align: center;\"><em>Ein Teil der\u00a0Jugendfeuerwehr mit Ausbilder Tim Zilling und Stefan Schwab<\/em><\/p>\n<p dir=\"ltr\" style=\"text-align: center;\"><a href=\"https:\/\/rinschbachtal.de\/news\/wp-content\/uploads\/2014\/04\/Jugend-ffw-erste-\u00fcbung-6.jpg\" target=\"_blank\" rel=\"attachment wp-att-507\"><img loading=\"lazy\" decoding=\"async\" class=\"aligncenter wp-image-507 size-medium\" src=\"https:\/\/rinschbachtal.de\/news\/wp-content\/uploads\/2014\/04\/Jugend-ffw-erste-\u00fcbung-6-300x224.jpg\" alt=\"Jugend-ffw-erste-\u00fcbung-6\" width=\"300\" height=\"224\" srcset=\"https:\/\/rinschbachtal.de\/news\/wp-content\/uploads\/2014\/04\/Jugend-ffw-erste-\u00fcbung-6-300x224.jpg 300w, https:\/\/rinschbachtal.de\/news\/wp-content\/uploads\/2014\/04\/Jugend-ffw-erste-\u00fcbung-6-1024x768.jpg 1024w, https:\/\/rinschbachtal.de\/news\/wp-content\/uploads\/2014\/04\/Jugend-ffw-erste-\u00fcbung-6.jpg 1100w\" sizes=\"auto, (max-width: 300px) 100vw, 300px\" \/><\/a><\/p>\n<p dir=\"ltr\" style=\"text-align: center;\"><em>Cindy beim l\u00f6schen<\/em><\/p>\n<p dir=\"ltr\" style=\"text-align: center;\"><a href=\"https:\/\/rinschbachtal.de\/news\/wp-content\/uploads\/2014\/04\/Jugend-ffw-erste-\u00fcbung-6.jpg\" target=\"_blank\" rel=\"attachment wp-att-507\">\u00a0<\/a><\/p>\n","protected":false},"excerpt":{"rendered":"<p>In den letzten Monaten ist die Gr\u00fcndung einer Jugendfeuerwehr in Hemsbach erfolgt. Es fand in den Osterferien die erste \u00dcbung unter der Leitung von den Jugendleitern Tim Zilling\u00a0und Stefan Schwab\u00a0mit dem Thema Feuerl\u00f6scher statt. So galt es ein Feuer in einem Blecheimer mit einem Feuerl\u00f6scher zu l\u00f6schen. Des weiteren wurde die Einteilung in die verschiedenen [&hellip;]<\/p>\n","protected":false},"author":1,"featured_media":0,"comment_status":"closed","ping_status":"closed","sticky":false,"template":"","format":"standard","meta":{"footnotes":""},"categories":[1],"tags":[],"class_list":["post-504","post","type-post","status-publish","format-standard","hentry","category-allgemein"],"_links":{"self":[{"href":"https:\/\/rinschbachtal.de\/news\/index.php?rest_route=\/wp\/v2\/posts\/504","targetHints":{"allow":["GET"]}}],"collection":[{"href":"https:\/\/rinschbachtal.de\/news\/index.php?rest_route=\/wp\/v2\/posts"}],"about":[{"href":"https:\/\/rinschbachtal.de\/news\/index.php?rest_route=\/wp\/v2\/types\/post"}],"author":[{"embeddable":true,"href":"https:\/\/rinschbachtal.de\/news\/index.php?rest_route=\/wp\/v2\/users\/1"}],"replies":[{"embeddable":true,"href":"https:\/\/rinschbachtal.de\/news\/index.php?rest_route=%2Fwp%2Fv2%2Fcomments&post=504"}],"version-history":[{"count":3,"href":"https:\/\/rinschbachtal.de\/news\/index.php?rest_route=\/wp\/v2\/posts\/504\/revisions"}],"predecessor-version":[{"id":513,"href":"https:\/\/rinschbachtal.de\/news\/index.php?rest_route=\/wp\/v2\/posts\/504\/revisions\/513"}],"wp:attachment":[{"href":"https:\/\/rinschbachtal.de\/news\/index.php?rest_route=%2Fwp%2Fv2%2Fmedia&parent=504"}],"wp:term":[{"taxonomy":"category","embeddable":true,"href":"https:\/\/rinschbachtal.de\/news\/index.php?rest_route=%2Fwp%2Fv2%2Fcategories&post=504"},{"taxonomy":"post_tag","embeddable":true,"href":"https:\/\/rinschbachtal.de\/news\/index.php?rest_route=%2Fwp%2Fv2%2Ftags&post=504"}],"curies":[{"name":"wp","href":"https:\/\/api.w.org\/{rel}","templated":true}]}}