{"id":463,"date":"2014-03-27T17:18:22","date_gmt":"2014-03-27T15:18:22","guid":{"rendered":"http:\/\/rinschbachtal.de\/news\/?p=463"},"modified":"2014-04-29T16:31:27","modified_gmt":"2014-04-29T14:31:27","slug":"ffw-hemsbach-jahreshauptversammlung","status":"publish","type":"post","link":"https:\/\/rinschbachtal.de\/news\/?p=463","title":{"rendered":"FFW Hemsbach Jahreshauptversammlung"},"content":{"rendered":"<p><strong><span style=\"text-decoration: underline;\"><span style=\"color: #ff0000; text-decoration: underline;\">Hemsbach, 22. M\u00e4rz 2014<\/span><\/span><\/strong><\/p>\n<p><b>Nachwuchsarbeit tr\u00e4gt Fr\u00fcchte: gelebte Feuerwehrarbeit in Hemsbach<\/b><\/p>\n<p>Der einzige Hemsbacher \u201eVerein\u201c w\u00e4chst, die Nachwuchsarbeit tr\u00e4gt Fr\u00fcchte: Bei der Hauptversammlung am Samstag freuten sich die Verantwortlichen, dass die Feuerwehr innerhalb von 2 Jahren statt 16 nun schon 20 Mitglieder hat. In den Berichten wurde wie schon im letzten Jahr deutlich, dass die Feuerwehr im kleinsten Osterburkener Ortsteil f\u00fcr die dortige Gemeinschaft viel mehr erbringt als nur ihre origin\u00e4ren Aufgaben.<\/p>\n<p>Kommandant Thomas Heilmann informierte, dass es seit dem letzen Jahr nun 18 Feuerwehrm\u00e4nner in Hemsbach gibt. W\u00e4hrend der Versammlung sollte diese Zahl sogar noch auf 20 steigen, denn Jonas Gehrig und Matthias Mieth wurden offiziell in die Feuerwehr aufgenommen. Beide befinden sich zurzeit auf dem Grundausbildungslehrgang. \u201eDas ist eine erfreuliche Entwicklung und sichert nachhaltig den Fortbestand der Wehr\u201c, so Heilmann. Tim Zilling und Stefan Schwab absolvieren au\u00dferdem gerade die Ausbildung zum Jugendausbilder, sodass die Wehr hofft, in den n\u00e4chsten Jahren durch eine Jugendfeuerwehr noch mehr Nachwuchs gewinnen zu k\u00f6nnen.<\/p>\n<p>Im April 2013 hatte die Feuerwehr einen Einsatz bei einem Holzstapelbrand. Die technische Ausr\u00fcstung wurde um ein Notstromaggregat und ein Festzelt erg\u00e4nzt. Auch am Ferienprogramm beteiligte sich die Hemsbacher wieder zusammen mit der Osterburkener Wehr und konnte 40 Kinder beim Spiel- und Spa\u00dfnachmittag begr\u00fc\u00dfen. Bereits f\u00fcnf Mann sind au\u00dferdem auch bei der Osterburkener Wehr im Einsatz. Heilmann bedankte sich bei den anderen Wehren sowie der Stadt- und Ortschaftsverwaltung f\u00fcr die gute Zusammenarbeit.<\/p>\n<p>Schriftf\u00fchrer Christian Granitzer hatte im Juli 2013 einen Ausflug nach N\u00fcrnberg organisiert, f\u00fcr dessen Planung der Kommandant ihm dankte. Granitzer ging in seinem Bericht auf die gro\u00dfe Anzahl von Terminen ein, die es in der ersten H\u00e4lfte des Jahres gegeben hatte. Neben 13 \u00dcbungen und dem Brandeinsatz am Holzstapel gab es auch wieder die Organisation des Maibaumfestes und des Kindergartenfestes, bei dem der Kindergarten das 20-j\u00e4hrige Bestehen feierte. Das Sonnwendfeuer\u00a0 veranstaltete die Feuerwehr zusammen mit der Ortschaftsverwaltung. Auch bei der Tour de L\u00e4ndle war die Unterst\u00fctzung der Feuerwehr gefragt, denn die Hemsbacher hatten f\u00fcr ihre kreativen Ideen bei der Fahrt der Radfahrer durch einen \u201eTunnel\u201c viel Lob erhalten, sogar ein Beitrag im SWR-Fernsehen wurde gesendet. Granitzer gab noch den Termin f\u00fcr das Sonnwendfeuer bekannt, das am Samstag, 21. Juni, stattfindet.<\/p>\n<p>Erstmals gab es einen Jugendbericht, den die Jugendsprecher Tim Zilling und Stefan Schwab vortrugen. \u201eDie Jugend hat einen wichtigen Platz im Ortsgeschehen eingenommen, was die Feuerwehr und das Dorfleben betrifft\u201c, so Zilling. Viele Aktionen \u00fcberschnitten sich mit dem Engagement der jungen Menschen in und f\u00fcr Hemsbach, was daran liegt, das sie sowohl f\u00fcr Feuerwehr als auch im Ort aktiv sind. Bei der S\u00e4uberung der Gr\u00fcnanlagen, Reinigung des Kirchendachstuhls waren sie beteiligt, au\u00dferdem treffen sie sich zum Fu\u00dfballspielen und fuhren sogar zum Ausflug nach N\u00fcrnberg mit.<\/p>\n<p>Granitzer \u00fcberreichte anschlie\u00dfend als Dank f\u00fcr die gute Zusammenarbeit ein Feuerwehr-Poloshirt an Ortsvorsteher Christoph Gro\u00df. Dieser freute sich dar\u00fcber, dass die Feuerwehr nun schon 10 % der Hemsbacher Bev\u00f6lkerung umfasse, was eine hervorragende Zahl sei. \u201eWir haben eine gelebte Feuerwehrarbeit in Hemsbach, die mit den Bed\u00fcrfnissen der \u00f6rtlichen Gegebenheiten Hand in Hand zusammen gewachsen ist.\u201c Auch er lobte die gemeinsamen Aktionen der Ortschaftsverwaltung mit den Jugendsprechern sowie dem jugendlichen \u201eBauwagenteam\u201c mit seinen 13 Mitgliedern.<\/p>\n<p>Neben Gro\u00df zeigten auch Gesamtkommandant Peter Schmitt, Kreisbrandmeister-Stellvertreter Thomas Link sowie B\u00fcrgermeister J\u00fcrgen Galm ihre Wertsch\u00e4tzung f\u00fcr die Feuerwehr und lobten das Nachwuchskonzept. Der B\u00fcrgermeister freute sich besonders \u00fcber die Eigeninitiative, immerhin habe man aus der Feuerwehrkasse Geld f\u00fcr die Fertigstellung des Ger\u00e4tehausanbaus aufgebracht. ER zeigte sich beeindruckt von den 14 anwesenden Mitgliedern der Jugendgruppe, drei Jugendliche aus ihrer Mitte seien mittlerweile in die Erwachsenenwehr aufgenommen worden. Galm unterstrich die Notwendigkeit der dezentralen Organisationen mit den Abteilungswehren in den Ortsteilen, welche von seiner Seite voll unterst\u00fctzt werde. JC<\/p>\n<p style=\"text-align: left;\"><a href=\"https:\/\/rinschbachtal.de\/news\/wp-content\/uploads\/2014\/03\/ffw-Hauptversammlung-2014.jpg\" target=\"_blank\"><img loading=\"lazy\" decoding=\"async\" class=\"aligncenter wp-image-465 size-medium\" src=\"https:\/\/rinschbachtal.de\/news\/wp-content\/uploads\/2014\/03\/ffw-Hauptversammlung-2014-300x163.jpg\" alt=\"ffw Hauptversammlung 2014\" width=\"300\" height=\"163\" srcset=\"https:\/\/rinschbachtal.de\/news\/wp-content\/uploads\/2014\/03\/ffw-Hauptversammlung-2014-300x163.jpg 300w, https:\/\/rinschbachtal.de\/news\/wp-content\/uploads\/2014\/03\/ffw-Hauptversammlung-2014.jpg 1024w\" sizes=\"auto, (max-width: 300px) 100vw, 300px\" \/><\/a><\/p>\n<p style=\"text-align: left;\">Ortsvorsteher Gro\u00df, Stadtkommandant Schmitt, B\u00fcrgermeister Galm, Abteilungskommandant Heilmann, Jonas Gehrig, Matthias Mieth, Stellv. Kreisbrandmeister Link. Jonas Gehrig (3. v.r.) und Matthias Mieth (2. v.r.) wurden bei der Jahreshauptversammlung in die Hemsbacher Feuerwehr aufgenommen.<\/p>\n<p style=\"text-align: center;\"><a href=\"https:\/\/rinschbachtal.de\/news\/wp-content\/uploads\/2014\/03\/FFW-Haupt-2014-7.jpg\" target=\"_blank\"><img loading=\"lazy\" decoding=\"async\" class=\"aligncenter wp-image-514 size-medium\" src=\"https:\/\/rinschbachtal.de\/news\/wp-content\/uploads\/2014\/03\/FFW-Haupt-2014-7-300x179.jpg\" alt=\"FFW-Haupt-2014-'7\" width=\"300\" height=\"179\" srcset=\"https:\/\/rinschbachtal.de\/news\/wp-content\/uploads\/2014\/03\/FFW-Haupt-2014-7-300x179.jpg 300w, https:\/\/rinschbachtal.de\/news\/wp-content\/uploads\/2014\/03\/FFW-Haupt-2014-7-1024x613.jpg 1024w, https:\/\/rinschbachtal.de\/news\/wp-content\/uploads\/2014\/03\/FFW-Haupt-2014-7.jpg 1100w\" sizes=\"auto, (max-width: 300px) 100vw, 300px\" \/><\/a><\/p>\n<p style=\"text-align: center;\">Die Jugendfeuerwehr Hemsbach im Jahr 2014<\/p>\n<p>&nbsp;<\/p>\n","protected":false},"excerpt":{"rendered":"<p>Hemsbach, 22. M\u00e4rz 2014 Nachwuchsarbeit tr\u00e4gt Fr\u00fcchte: gelebte Feuerwehrarbeit in Hemsbach Der einzige Hemsbacher \u201eVerein\u201c w\u00e4chst, die Nachwuchsarbeit tr\u00e4gt Fr\u00fcchte: Bei der Hauptversammlung am Samstag freuten sich die Verantwortlichen, dass die Feuerwehr innerhalb von 2 Jahren statt 16 nun schon 20 Mitglieder hat. In den Berichten wurde wie schon im letzten Jahr deutlich, dass die [&hellip;]<\/p>\n","protected":false},"author":1,"featured_media":0,"comment_status":"closed","ping_status":"closed","sticky":false,"template":"","format":"standard","meta":{"footnotes":""},"categories":[1],"tags":[],"class_list":["post-463","post","type-post","status-publish","format-standard","hentry","category-allgemein"],"_links":{"self":[{"href":"https:\/\/rinschbachtal.de\/news\/index.php?rest_route=\/wp\/v2\/posts\/463","targetHints":{"allow":["GET"]}}],"collection":[{"href":"https:\/\/rinschbachtal.de\/news\/index.php?rest_route=\/wp\/v2\/posts"}],"about":[{"href":"https:\/\/rinschbachtal.de\/news\/index.php?rest_route=\/wp\/v2\/types\/post"}],"author":[{"embeddable":true,"href":"https:\/\/rinschbachtal.de\/news\/index.php?rest_route=\/wp\/v2\/users\/1"}],"replies":[{"embeddable":true,"href":"https:\/\/rinschbachtal.de\/news\/index.php?rest_route=%2Fwp%2Fv2%2Fcomments&post=463"}],"version-history":[{"count":6,"href":"https:\/\/rinschbachtal.de\/news\/index.php?rest_route=\/wp\/v2\/posts\/463\/revisions"}],"predecessor-version":[{"id":515,"href":"https:\/\/rinschbachtal.de\/news\/index.php?rest_route=\/wp\/v2\/posts\/463\/revisions\/515"}],"wp:attachment":[{"href":"https:\/\/rinschbachtal.de\/news\/index.php?rest_route=%2Fwp%2Fv2%2Fmedia&parent=463"}],"wp:term":[{"taxonomy":"category","embeddable":true,"href":"https:\/\/rinschbachtal.de\/news\/index.php?rest_route=%2Fwp%2Fv2%2Fcategories&post=463"},{"taxonomy":"post_tag","embeddable":true,"href":"https:\/\/rinschbachtal.de\/news\/index.php?rest_route=%2Fwp%2Fv2%2Ftags&post=463"}],"curies":[{"name":"wp","href":"https:\/\/api.w.org\/{rel}","templated":true}]}}