{"id":1450,"date":"2024-06-17T13:14:18","date_gmt":"2024-06-17T11:14:18","guid":{"rendered":"https:\/\/rinschbachtal.de\/news\/?p=1450"},"modified":"2024-06-17T14:46:17","modified_gmt":"2024-06-17T12:46:17","slug":"helferfest-thanks-hemsbach","status":"publish","type":"post","link":"https:\/\/rinschbachtal.de\/news\/?p=1450","title":{"rendered":"Helferfest Thank&#8217;s Hemsbach"},"content":{"rendered":"\n<figure class=\"wp-block-image size-large is-style-rounded\"><a href=\"https:\/\/rinschbachtal.de\/news\/wp-content\/uploads\/2024\/06\/IMG-20240616-WA0080.jpg\"><img loading=\"lazy\" decoding=\"async\" width=\"817\" height=\"1024\" src=\"https:\/\/rinschbachtal.de\/news\/wp-content\/uploads\/2024\/06\/IMG-20240616-WA0080-817x1024.jpg\" alt=\"\" class=\"wp-image-1454\" style=\"aspect-ratio:1;object-fit:cover\" srcset=\"https:\/\/rinschbachtal.de\/news\/wp-content\/uploads\/2024\/06\/IMG-20240616-WA0080-817x1024.jpg 817w, https:\/\/rinschbachtal.de\/news\/wp-content\/uploads\/2024\/06\/IMG-20240616-WA0080-239x300.jpg 239w, https:\/\/rinschbachtal.de\/news\/wp-content\/uploads\/2024\/06\/IMG-20240616-WA0080-768x963.jpg 768w, https:\/\/rinschbachtal.de\/news\/wp-content\/uploads\/2024\/06\/IMG-20240616-WA0080-1225x1536.jpg 1225w, https:\/\/rinschbachtal.de\/news\/wp-content\/uploads\/2024\/06\/IMG-20240616-WA0080.jpg 1276w\" sizes=\"auto, (max-width: 817px) 100vw, 817px\" \/><\/a><\/figure>\n\n\n<div class=\"wp-block-image is-style-rounded\">\n<figure class=\"aligncenter size-large\"><a href=\"https:\/\/rinschbachtal.de\/news\/wp-content\/uploads\/2024\/06\/IMG-20240616-WA0006-1-scaled.jpg\"><img loading=\"lazy\" decoding=\"async\" width=\"768\" height=\"1024\" src=\"https:\/\/rinschbachtal.de\/news\/wp-content\/uploads\/2024\/06\/IMG-20240616-WA0006-1-768x1024.jpg\" alt=\"\" class=\"wp-image-1457\" style=\"aspect-ratio:1;object-fit:cover\" srcset=\"https:\/\/rinschbachtal.de\/news\/wp-content\/uploads\/2024\/06\/IMG-20240616-WA0006-1-768x1024.jpg 768w, https:\/\/rinschbachtal.de\/news\/wp-content\/uploads\/2024\/06\/IMG-20240616-WA0006-1-225x300.jpg 225w, https:\/\/rinschbachtal.de\/news\/wp-content\/uploads\/2024\/06\/IMG-20240616-WA0006-1-1152x1536.jpg 1152w, https:\/\/rinschbachtal.de\/news\/wp-content\/uploads\/2024\/06\/IMG-20240616-WA0006-1-1536x2048.jpg 1536w, https:\/\/rinschbachtal.de\/news\/wp-content\/uploads\/2024\/06\/IMG-20240616-WA0006-1-scaled.jpg 1920w\" sizes=\"auto, (max-width: 768px) 100vw, 768px\" \/><\/a><\/figure>\n<\/div>\n\n\n<p class=\"has-text-align-left\"><strong>Hemsbach sagte Dankesch\u00f6n:<\/strong><br>Zu einem besonderen Helferfest am Hemsbacher Familienplatz lud die Ortschaftsverwaltung um Ortsvorsteher Christoph Gro\u00df ein. Bei angenehmem Wetter begr\u00fc\u00dfte Ortsvorsteher Christoph Gro\u00df die Hemsbacher Helfer Gemeinschaft, ehemalige Ortschafstr\u00e4te , den ehemaligen Ortsvorsteher Reinhold W\u00f6rner und neben B\u00fcrgermeister J\u00fcrgen Galm auch seine beiden Kollegen J\u00fcrgen Breitinger aus Schlierstadt sowie Werner Geiger aus Bofsheim.<br>OV Gro\u00df blickte auf die letzten Jahre zur\u00fcck und betonte das gro\u00dfe Arrangement aller Beteiligten und bedankte sich f\u00fcr die vielf\u00e4ltige Hilfe. Insbesondere die Themen der Jugendlichen lag ihm am Herzen.<br>Die Hemsbacher Jugend haben sich immer mit eingebracht und sind mittlerweile in vielf\u00e4ltigen ehrenamtlichen Bereichen in Hemsbach aktiv. Die Gr\u00fcndung des Vereins \u201eBauwagen Hemsbach e.V. war die logische Folge.<br>Ein gro\u00dfes Dankesch\u00f6n ging auch an Susanne und Rolf Trabold, die \u00fcber Jahre immer wieder die Aktionen in Hemsbach gef\u00f6rdert haben und bei allen Aktionen f\u00fcr eine tolle Verpflegung gesorgt haben.<br>Mit einem Blumenstrau\u00df bedankte er sich bei seiner Frau Anja Gro\u00df, die alle Themen rund um die Hemsbach Gemeinschaft immer mitgetragen hat und im Hintergrund in vielf\u00e4ltiger Weise mehr als nur unterst\u00fctz habe und eine gro\u00dfe Hilfe war.<br>Bei Kaffee und Kuchen, Gegrilltem, kalten Getr\u00e4nken und einer Bildershow, die den ganzen Abend r\u00fcckblickend alle Aktionen, Veranstaltungen und Begebenheiten in Hemsbach wiedergab, wurde in gem\u00fctlicher Runde die letzten Jahre Revue passieren lassen.<\/p>\n","protected":false},"excerpt":{"rendered":"<p>Hemsbach sagte Dankesch\u00f6n:Zu einem besonderen Helferfest am Hemsbacher Familienplatz lud die Ortschaftsverwaltung um Ortsvorsteher Christoph Gro\u00df ein. Bei angenehmem Wetter begr\u00fc\u00dfte Ortsvorsteher Christoph Gro\u00df die Hemsbacher Helfer Gemeinschaft, ehemalige Ortschafstr\u00e4te , den ehemaligen Ortsvorsteher Reinhold W\u00f6rner und neben B\u00fcrgermeister J\u00fcrgen Galm auch seine beiden Kollegen J\u00fcrgen Breitinger aus Schlierstadt sowie Werner Geiger aus Bofsheim.OV Gro\u00df [&hellip;]<\/p>\n","protected":false},"author":1,"featured_media":0,"comment_status":"closed","ping_status":"closed","sticky":false,"template":"","format":"standard","meta":{"footnotes":""},"categories":[1],"tags":[],"class_list":["post-1450","post","type-post","status-publish","format-standard","hentry","category-allgemein"],"_links":{"self":[{"href":"https:\/\/rinschbachtal.de\/news\/index.php?rest_route=\/wp\/v2\/posts\/1450","targetHints":{"allow":["GET"]}}],"collection":[{"href":"https:\/\/rinschbachtal.de\/news\/index.php?rest_route=\/wp\/v2\/posts"}],"about":[{"href":"https:\/\/rinschbachtal.de\/news\/index.php?rest_route=\/wp\/v2\/types\/post"}],"author":[{"embeddable":true,"href":"https:\/\/rinschbachtal.de\/news\/index.php?rest_route=\/wp\/v2\/users\/1"}],"replies":[{"embeddable":true,"href":"https:\/\/rinschbachtal.de\/news\/index.php?rest_route=%2Fwp%2Fv2%2Fcomments&post=1450"}],"version-history":[{"count":5,"href":"https:\/\/rinschbachtal.de\/news\/index.php?rest_route=\/wp\/v2\/posts\/1450\/revisions"}],"predecessor-version":[{"id":1462,"href":"https:\/\/rinschbachtal.de\/news\/index.php?rest_route=\/wp\/v2\/posts\/1450\/revisions\/1462"}],"wp:attachment":[{"href":"https:\/\/rinschbachtal.de\/news\/index.php?rest_route=%2Fwp%2Fv2%2Fmedia&parent=1450"}],"wp:term":[{"taxonomy":"category","embeddable":true,"href":"https:\/\/rinschbachtal.de\/news\/index.php?rest_route=%2Fwp%2Fv2%2Fcategories&post=1450"},{"taxonomy":"post_tag","embeddable":true,"href":"https:\/\/rinschbachtal.de\/news\/index.php?rest_route=%2Fwp%2Fv2%2Ftags&post=1450"}],"curies":[{"name":"wp","href":"https:\/\/api.w.org\/{rel}","templated":true}]}}