{"id":1078,"date":"2019-07-07T23:53:39","date_gmt":"2019-07-07T21:53:39","guid":{"rendered":"http:\/\/rinschbachtal.de\/news\/?p=1078"},"modified":"2019-07-08T17:24:53","modified_gmt":"2019-07-08T15:24:53","slug":"hemsbach-hat-neunen-ortschaftsrat-gewaehlt","status":"publish","type":"post","link":"https:\/\/rinschbachtal.de\/news\/?p=1078","title":{"rendered":"Hemsbach hat neunen Ortschaftsrat gew\u00e4hlt"},"content":{"rendered":"<h1 style=\"text-align: center;\"><span style=\"color: #000000; font-family: Calibri; font-size: medium;\">Christoph Gro\u00df f\u00fchrt auch in den n\u00e4chsten f\u00fcnf Jahren den Hemsbacher Ortschaftsrat<br \/>\nSonja Hamann zur stellvertretenden Ortsvorsteherin gew\u00e4hlt<\/span><\/h1>\n<p><span style=\"color: #000000; font-family: Calibri; font-size: medium;\">Bei der Wahl zum Ortsvorsteher wurde er am Mittwochabend im Gemeindesaal vom neu gew\u00e4hlten Ortschaftsrat zum Ortsvorsteher (OV) gew\u00e4hlt. Bei der n\u00e4chsten Gemeinderatssitzung muss diese Wahl noch vom Gemeinderat der Stadt Osterburken best\u00e4tigt werden. In seiner bisherigen zehnj\u00e4hrigen Amtszeit hat OV Gro\u00df mit gro\u00dfem Engagement zur positiven Entwicklung der Gemeinde im \u201eRinschbachtal\u201c beigetragen, auch deshalb, weil er sich auf die Unterst\u00fctzung von Jung- und Alt verlassen konnte. Seit Jahren ist das vorbildliche, gro\u00dfe ehrenamtliche Engagement der B\u00fcrgerinnen- und B\u00fcrger, mit Christoph Gro\u00df an der Spitze, bekannt.<a href=\"https:\/\/rinschbachtal.de\/news\/wp-content\/uploads\/2019\/07\/OR2019.jpg\" target=\"_blank\" rel=\"noopener\"><img loading=\"lazy\" decoding=\"async\" class=\"aligncenter wp-image-1079 size-large\" src=\"https:\/\/rinschbachtal.de\/news\/wp-content\/uploads\/2019\/07\/OR2019-1024x487.jpg\" alt=\"\" width=\"670\" height=\"319\" srcset=\"https:\/\/rinschbachtal.de\/news\/wp-content\/uploads\/2019\/07\/OR2019-1024x487.jpg 1024w, https:\/\/rinschbachtal.de\/news\/wp-content\/uploads\/2019\/07\/OR2019-300x143.jpg 300w, https:\/\/rinschbachtal.de\/news\/wp-content\/uploads\/2019\/07\/OR2019-768x365.jpg 768w\" sizes=\"auto, (max-width: 670px) 100vw, 670px\" \/><\/a><\/span><\/p>\n<p><span style=\"color: #000000; font-family: Calibri; font-size: medium;\">Im vollbesetzen Gemeindesaal begr\u00fc\u00dfte OV Gro\u00df B\u00fcrgermeister J\u00fcrgen Galm, Hauptamtsleiterin Elke Ander, die neu gew\u00e4hlten und ausscheidende Ortschaftsrat Mitglieder, sowie die Zuh\u00f6rer. Gro\u00df, der bei der Ortschaftsrat Wahl am 26.5.2019 die meisten Stimmen auf sich vereinen konnte, stellte den neu gew\u00e4hlten Ortschaftsrat vor: Christoph Gro\u00df, Sonja Hamann. Philipp Bauer, Elena Keller, Mathias Mieth und Daniel M\u00f6rder. Gem\u00e4\u00df Beschluss wurde festgestellt, dass bei den neu- und wiedergew\u00e4hlten Ortschaftsr\u00e4ten keine Hinderungsgr\u00fcnde bestehen.<\/span><\/p>\n<p><span style=\"color: #000000; font-family: Calibri; font-size: medium;\">Bei der Verabschiedung der ausscheidenden Ortschaftsr\u00e4te befasste sich der OV mit dem kommunalen Ehrenamt. Dies bedeute in die Verantwortung f\u00fcr die Gesellschaft zu treten. Das Gemeindeleben w\u00e4re in der gegebenen Form nicht m\u00f6glich, ohne die Bereitschaft vieler B\u00fcrger, sich in Vereinen und Organisationen zu engagieren. Von der Vielzahl und Vielfalt der freiwilligen T\u00e4tigkeiten h\u00e4nge die Qualit\u00e4t des Lebens in den Kommunen ab. Dieser ehrenamtliche Einsatz sei besonders im \u201eL\u00e4ndlichen Raum\u201c wichtig. Deshalb sei es wichtig, diese nicht selbstverst\u00e4ndliche Arbeit \u00f6ffentlich zu w\u00fcrdigen. In vorbildlicher Weise setzte sich der Hemsbacher Ortschaftsrat in den letzten Jahren ein. Der ausscheidende Ortschaftsrat bringe es zusammen auf 65 Jahre Ehrenamt. Die Hemsbacher B\u00fcrgerinnen- und B\u00fcrger bringen ihre private Zeit in die Arbeit des Ortschaftsrates ein und gestalten die weitere Entwicklung mit, weil sie sich mit ihrem Wohnort identifizieren. Verabschiedet wurden: Heiko Keller (30 Jahre), Christian Granitzer, Christian Hauck, Stefanie R\u00f6sch (alle 10 Jahre) und Tim Zilling (5 Jahre). Heiko Keller, 30 Jahre Ortschaftsrat, davon 20 Jahre als stellvertretender Ortsvorsteher, sowie die letzten 10 Jahre als Gemeinderat f\u00fcr Hemsbach aktiv, habe die Weichen f\u00fcr viele inner\u00f6rtliche Entwicklungen und Ver\u00e4nderungen mitgestaltet und vorangetrieben und durch die entstandenen Ma\u00dfnahmen bleibend und sichtbar Hemsbach gepr\u00e4gt. Sein pers\u00f6nlicher Einsatz bei vielen Projekten lasse sich heute in Hemsbach wiederfinden. So zum Beispiel die Verbesserungen, beziehungsweise Neuerungen am Gemeindehaus, Kindergartengruppen, Neubaugebiete, Grillplatz, Dorfbrunnen, Spielplatz, Familienplatz, Gehwegsanierungen, Radweg, Infrastrukturma\u00dfnahmen und viele Aktionen und diverse Feste. Als aktiver Feuerwehrmann und Mitglied im F\u00f6rderverein St. Mauritius Kirche ist er auch noch in anderen T\u00e4tigkeiten pr\u00e4sent. \u201eAuch Deiner Frau Doris und Deiner Familie gelte ein herzlicher Dank, weil diese Dich in Deiner Arbeit immer unterst\u00fctzt haben\u201c betonte der OV, der Heiko Keller und seiner Ehefrau ein Pr\u00e4sent \u00fcberreichte. Der OV verabschiedete danach Christian Granitzer, Christian Hauk, Stefanie R\u00f6sch und das j\u00fcngste Mitglied Tim Zilling. Er \u00fcberreichte ihnen eine Urkunde der Stadt Osterburken und vom Gemeindetag Baden-W\u00fcrttemberg, sowie ein pers\u00f6nliches Pr\u00e4sent f\u00fcr ihre \u201etolle Arbeit\u201c. Er dankte den ausscheidenden Ortschaftsr\u00e4ten f\u00fcr ihr gro\u00dfes Engagement im Namen der Hemsbacher Bev\u00f6lkerung und der Stadt Osterburken und ging mit einem pers\u00f6nlichen R\u00fcckblick auf jeden der ausscheidenden Ortschafstr\u00e4te ein.<\/span><\/p>\n<p><span style=\"color: #000000; font-family: Calibri; font-size: medium;\">Mit \u201eEin Abschied ist immer auch ein Neuanfang f\u00fcr Neues\u201c leitete der OV zur Einf\u00fchrung und Verpflichtung der neu gew\u00e4hlten Ortschaftsr\u00e4te \u00fcber. Der OV betonte, dass die Ortschaftsr\u00e4te Vertreter aller B\u00fcrger von Hemsbach seien und deshalb eine Verantwortung f\u00fcr das Gemeinwohl haben. Es gelten die Bestimmungen der Gemeindeordnung, die besagen, dass die Ortschaftsr\u00e4te im Rahmen der Gesetze nach ihrer freien, nur durch das \u00f6ffentliche Wohl bestimmenden \u00dcberzeugung entscheiden und ein freies Mandat aus\u00fcben. Die Ortschaftsr\u00e4te seien zur Mitarbeit im Ortschaftsrat verpflichtet und k\u00f6nnen sich der Aus\u00fcbung nicht grundlos entziehen. Danach lasen die neuen Ortschaftsr\u00e4te das Gel\u00f6bnis vor und wurden per Handschlag vom OV verpflichtet. Die Verpflichtung von OV Gro\u00df f\u00fchrte B\u00fcrgermeister Galm aus. Zur Wahl des Ortsvorstehers wurde von Ortschaftsrat Philipp Bauer Christoph Gro\u00df vorgeschlagen. Unter der Wahlleitung von B\u00fcrgermeister Galm wurde in offener Wahl Christoph Gro\u00df mit f\u00fcnf Stimmen, bei eigener Enthaltung, zum Ortsvorsteher gew\u00e4hlt. Zum stellvertretenden Ortsvorsteher wurden Sonja Hamann und Mathias Mieth vorgeschlagen. Bei zwei geheimen Wahldurchg\u00e4ngen konnte jeder Bewerber, bei zwei Enthaltungen, zwei Stimmen auf sich vereinen, so dass im dritten Wahlgang per Losentscheid Sonja Hamann als stellvertretende Ortsvorsteherin gew\u00e4hlt war.<\/span><\/p>\n<p><span style=\"color: #000000; font-family: Calibri; font-size: medium;\">OV Gro\u00df bedankte sich f\u00fcr das Vertrauen und richtete den Blick in die Zukunft. Wichtigste Punkte seien, unter anderem, die Aufwertung und Belebung der inner\u00f6rtlichen M\u00f6glichkeiten, St\u00e4rkung des Kindergartens Hemsbach, F\u00f6rderung der Jugend und Integration der Baugebiete. Einen Dank entrichtete der OV an B\u00fcrgermeister J\u00fcrgen Galm, der immer ein offenes Ohr f\u00fcr den kleinsten Stadtteil der Stadt habe und an Hauptamtsleiterin Elke Ander f\u00fcr die gute Unterst\u00fctzung. Dem Bauhof der Stadt Osterburken sprach Gro\u00df ebenfalls seinen Dank aus und betonte die gute Zusammenarbeit und Umsetzung bei allen Projekten.<\/span><\/p>\n<p>&nbsp;<\/p>\n","protected":false},"excerpt":{"rendered":"<p>Christoph Gro\u00df f\u00fchrt auch in den n\u00e4chsten f\u00fcnf Jahren den Hemsbacher Ortschaftsrat Sonja Hamann zur stellvertretenden Ortsvorsteherin gew\u00e4hlt Bei der Wahl zum Ortsvorsteher wurde er am Mittwochabend im Gemeindesaal vom neu gew\u00e4hlten Ortschaftsrat zum Ortsvorsteher (OV) gew\u00e4hlt. Bei der n\u00e4chsten Gemeinderatssitzung muss diese Wahl noch vom Gemeinderat der Stadt Osterburken best\u00e4tigt werden. In seiner bisherigen [&hellip;]<\/p>\n","protected":false},"author":1,"featured_media":0,"comment_status":"closed","ping_status":"closed","sticky":false,"template":"","format":"standard","meta":{"footnotes":""},"categories":[1,4],"tags":[],"class_list":["post-1078","post","type-post","status-publish","format-standard","hentry","category-allgemein","category-ortschaftsverwaltung"],"_links":{"self":[{"href":"https:\/\/rinschbachtal.de\/news\/index.php?rest_route=\/wp\/v2\/posts\/1078","targetHints":{"allow":["GET"]}}],"collection":[{"href":"https:\/\/rinschbachtal.de\/news\/index.php?rest_route=\/wp\/v2\/posts"}],"about":[{"href":"https:\/\/rinschbachtal.de\/news\/index.php?rest_route=\/wp\/v2\/types\/post"}],"author":[{"embeddable":true,"href":"https:\/\/rinschbachtal.de\/news\/index.php?rest_route=\/wp\/v2\/users\/1"}],"replies":[{"embeddable":true,"href":"https:\/\/rinschbachtal.de\/news\/index.php?rest_route=%2Fwp%2Fv2%2Fcomments&post=1078"}],"version-history":[{"count":5,"href":"https:\/\/rinschbachtal.de\/news\/index.php?rest_route=\/wp\/v2\/posts\/1078\/revisions"}],"predecessor-version":[{"id":1086,"href":"https:\/\/rinschbachtal.de\/news\/index.php?rest_route=\/wp\/v2\/posts\/1078\/revisions\/1086"}],"wp:attachment":[{"href":"https:\/\/rinschbachtal.de\/news\/index.php?rest_route=%2Fwp%2Fv2%2Fmedia&parent=1078"}],"wp:term":[{"taxonomy":"category","embeddable":true,"href":"https:\/\/rinschbachtal.de\/news\/index.php?rest_route=%2Fwp%2Fv2%2Fcategories&post=1078"},{"taxonomy":"post_tag","embeddable":true,"href":"https:\/\/rinschbachtal.de\/news\/index.php?rest_route=%2Fwp%2Fv2%2Ftags&post=1078"}],"curies":[{"name":"wp","href":"https:\/\/api.w.org\/{rel}","templated":true}]}}